{"id":116,"date":"2012-08-22T16:16:21","date_gmt":"2012-08-22T16:16:21","guid":{"rendered":"http:\/\/musikalische-stadtfuehrung.de\/?p=116"},"modified":"2015-03-04T21:25:18","modified_gmt":"2015-03-04T21:25:18","slug":"handel-als-gitarrist","status":"publish","type":"post","link":"http:\/\/musikalische-stadtfuehrung.de\/?p=116","title":{"rendered":"MUSIKALISCHE STADTF\u00dcHRUNGSANGEBOTE"},"content":{"rendered":"<p><strong><em>mit dem Stadtmusikus zu Halle<\/em><\/strong><\/p>\n<h1>C A T C H\u00a0\u00a0\u00a0 B O L D E R<\/h1>\n<p><strong> <\/strong><\/p>\n<p><strong> <\/strong><strong><em><span style=\"text-decoration: underline;\">Stadtf\u00fchrung in Wort und Musik<\/span><\/em><\/strong><\/p>\n<p><img loading=\"lazy\" title=\"KONICA MINOLTA DIGITAL CAMERA\" src=\"http:\/\/musikalische-stadtfuehrung.de\/wp-content\/uploads\/2012\/08\/PICT0057H\u00e4ndel4-199x300.jpg\" alt=\"\" width=\"199\" height=\"300\" \/><a href=\"http:\/\/musikalische-stadtfuehrung.de\/wp-content\/uploads\/2012\/08\/Catch-Becher-Krug1.jpg\">&#8212; <img loading=\"lazy\" title=\"OLYMPUS DIGITAL CAMERA\" src=\"http:\/\/musikalische-stadtfuehrung.de\/wp-content\/uploads\/2012\/08\/Catch-Becher-Krug1-162x300.jpg\" alt=\"\" width=\"162\" height=\"300\" \/><\/a><\/p>\n<p>\u201eDiese Stadtf\u00fchrung\u00a0 ist etwas ganz\u00a0 Besonderes\u201c so schw\u00e4rmen G\u00e4ste und\u00a0 Einheimische, die jemals erlebt haben, wie man Halle im Rahmen eines \u00e4u\u00dferst angenehmen Spazierganges kennen und lieben lernen kann. Was\u00a0 ist nun das Besondere daran. Klaus-D. K\u00fchner, unter dem Namen CATCH BOLDER auch als S\u00e4nger bekannt zeigt Ihnen die Stadt nicht nur erz\u00e4hlenderweise sondern zus\u00e4tzlich mit Musik und  Gesang. Wo haben Sie schon einmal eine\u00a0 Stadtf\u00fchrung, die nicht nur  Information sondern auch Entertainment und Unterhaltung bietet erlebt.  Unsere G\u00e4ste behaupten bis zum heutigen Tage \u2013 noch nirgends. Mit  Gitarre und Mundharmonika und einer Stimme, die mancher vielleicht  schon aus dem Radio oder TV kennt, werden Sie auf die Burg  Giebichenstein gef\u00fchrt und man l\u00e4sst Sie\u00a0 den k\u00fchnen Sprung des Landgrafen Ludwig in die Tiefen  der Saale noch einmal miterleben oder Sie werden in das Dichterparadies  des Reichardschen Gartens gef\u00fchrt und erleben die Herberge der  Romantik, die selbst Goethe schon beeindruckte.<\/p>\n<p><img loading=\"lazy\" title=\"DSC01509\" src=\"http:\/\/musikalische-stadtfuehrung.de\/wp-content\/uploads\/2012\/08\/DSC015091-300x225.jpg\" alt=\"\" width=\"387\" height=\"325\" \/><\/p>\n<p>Die einzigartige Silhouette der f\u00fcnf stolzen T\u00fcrme im Zentrum, die Spuren Georg Friedrich H\u00e4ndels sowie der Beatles in Halle, die Halloren. Die verwinkelten  Gassen mit ihren uhrigen Kneipen und Cafes und wieso man in klaren  N\u00e4chten in der Sternstra\u00dfe die Sterne sogar doppelt sehen kann, das  alles k\u00f6n-nen Sie auf vergn\u00fcgliche Art und Weise auf dieser F\u00fchrung  erfahren. Sie k\u00f6nnen aber das Ganze auch abends in der Dunkelheit auf den Spuren des Halleschen  Nachtw\u00e4chters beim Scheine der Laterne mit erleben in einer be-sonders  romantischen Atmosph\u00e4re im historischen Kost\u00fcm. Ma\u00dfgeschneidert\u00a0  zu den einzelnen Schaupl\u00e4tzen erklingen Lieder sozusagen als Garnierung  zu dem, was es aus hallescher Stadtgeschichte zu erz\u00e4hlen gibt. Lieder,  die so gut ins Ohr gehen, dass mancher sie auch gern ein zweites mal  h\u00f6ren w\u00fcrde.Deshalb wurden sie alle noch einmal auf zwei CD\u2019S und auf  vielfachen Wunsch in einem Musikfilm \u00fcber Halle ( auf Video bzw. DVD)  festgehalten und sind zus\u00e4tzlich noch als ein wunderbares  Halle-Souvenier er-h\u00e4ltich. Kein Wunder also wenn unsere G\u00e4ste  behaupten:\u201cDiese Stadtf\u00fchrung ist<strong> <\/strong><strong> e i n m a l i g<\/strong>\u201c\u00a0 <strong><em> <\/em><\/strong><\/p>\n<p><strong><em>Unterhaltungsprogramm\u00a0 Halle \u2013 Lieder \u2013 Geschichte&amp; Geschichten<\/em><\/strong><\/p>\n<p>Die  Lieder der o.g. Stadtrundg\u00e4nge haben mittlerweile eine solche Dimension  erreicht, dass sie f\u00fcr ein eigenst\u00e4ndiges Musik- und Konzertprogramm  zusam-mengefa\u00dft wurden und durch verbindende Worte, Anekdoten und  Geschichten zu einem akkustischen Halle Erlebnis geworden sind, das bereits in ungez\u00e4hlten Veranstaltungen, Jubil\u00e4ums-und Famlienfeiern, Buchlesungen und  Klassen-treffen und Vereinsversammlungen aufgef\u00fchrt wurde. Ob nun als  Soloprogramm oder gemeinsam mit seiner Band diese Darbietung sucht  ihresgleichen und ist f\u00fcr jeden ein echtes \u201eHALLE-E r l e b n i s\u201c<\/p>\n","protected":false},"excerpt":{"rendered":"<p>mit dem Stadtmusikus zu Halle C A T C H\u00a0\u00a0\u00a0 B O L D E R Stadtf\u00fchrung in Wort und Musik &#8212; \u201eDiese Stadtf\u00fchrung\u00a0 ist etwas ganz\u00a0 Besonderes\u201c so schw\u00e4rmen G\u00e4ste und\u00a0 Einheimische, die jemals erlebt haben, wie man Halle &hellip; <a href=\"http:\/\/musikalische-stadtfuehrung.de\/?p=116\">Weiterlesen <span class=\"meta-nav\">&rarr;<\/span><\/a><\/p>\n","protected":false},"author":1,"featured_media":0,"comment_status":"closed","ping_status":"closed","sticky":false,"template":"","format":"standard","meta":[],"categories":[1],"tags":[],"_links":{"self":[{"href":"http:\/\/musikalische-stadtfuehrung.de\/index.php?rest_route=\/wp\/v2\/posts\/116"}],"collection":[{"href":"http:\/\/musikalische-stadtfuehrung.de\/index.php?rest_route=\/wp\/v2\/posts"}],"about":[{"href":"http:\/\/musikalische-stadtfuehrung.de\/index.php?rest_route=\/wp\/v2\/types\/post"}],"author":[{"embeddable":true,"href":"http:\/\/musikalische-stadtfuehrung.de\/index.php?rest_route=\/wp\/v2\/users\/1"}],"replies":[{"embeddable":true,"href":"http:\/\/musikalische-stadtfuehrung.de\/index.php?rest_route=%2Fwp%2Fv2%2Fcomments&post=116"}],"version-history":[{"count":30,"href":"http:\/\/musikalische-stadtfuehrung.de\/index.php?rest_route=\/wp\/v2\/posts\/116\/revisions"}],"predecessor-version":[{"id":344,"href":"http:\/\/musikalische-stadtfuehrung.de\/index.php?rest_route=\/wp\/v2\/posts\/116\/revisions\/344"}],"wp:attachment":[{"href":"http:\/\/musikalische-stadtfuehrung.de\/index.php?rest_route=%2Fwp%2Fv2%2Fmedia&parent=116"}],"wp:term":[{"taxonomy":"category","embeddable":true,"href":"http:\/\/musikalische-stadtfuehrung.de\/index.php?rest_route=%2Fwp%2Fv2%2Fcategories&post=116"},{"taxonomy":"post_tag","embeddable":true,"href":"http:\/\/musikalische-stadtfuehrung.de\/index.php?rest_route=%2Fwp%2Fv2%2Ftags&post=116"}],"curies":[{"name":"wp","href":"https:\/\/api.w.org\/{rel}","templated":true}]}}